{"id":7309,"date":"2020-04-09T22:25:31","date_gmt":"2020-04-09T22:25:31","guid":{"rendered":"http:\/\/festivaldelaimagen.com\/?p=7309"},"modified":"2020-04-09T22:26:11","modified_gmt":"2020-04-09T22:26:11","slug":"concursoartistico","status":"publish","type":"post","link":"https:\/\/festivaldelaimagen.com\/historico\/es\/concursoartistico\/","title":{"rendered":"Concurso art\u00edstico EL PAISAJE a trav\u00e9s de mi ventana"},"content":{"rendered":"<h4>BASES DEL CONCURSO<\/h4>\n<p>El Instituto del Paisaje de la Universidad Cat\u00f3lica de C\u00f3rdoba (Argentina), junto a la Iniciativa Latinoamericana del Paisaje (LALI) \u2014en el marco del mes mundial de la arquitectura del paisaje (declaratoria IFLA 2006)\u2014 convocan a profesionales o aficionados\/as a las artes visuales, a la ilustraci\u00f3n o al dise\u00f1o en todos sus campos, para participar del concurso art\u00edstico EL PAISAJE A TRAV\u00c9S DE MI VENTANA.<\/p>\n<p>En esta circunstancia de pandemia que atraviesa el mundo, se propone reflexionar sobre \u201cel paisaje en los tiempos del coronavirus\u201d (COVID-19), por medio de im\u00e1genes que permitan manifestar la situaci\u00f3n que transitamos. El objetivo es propiciar un espacio para expresar y compartir nuestros paisajes desde la condici\u00f3n de aislamiento (f\u00edsico, mental, emocional), en el marco de esta crisis sanitaria global, en conexi\u00f3n con el entorno en que cada persona habita, desde una perspectiva paisaj\u00edstica y con prospectiva medioambiental.<\/p>\n<p>\u00bfQui\u00e9nes? Podr\u00e1n participar personas con mayor\u00eda de edad y de cualquier nacionalidad, de modo individual y con un m\u00e1ximo de 2 propuestas (postuladas por separado).<br \/>\n\u00bfC\u00f3mo? Las obras se presentar\u00e1n en im\u00e1genes digitales de 1000 x 1000 pixeles a una resoluci\u00f3n de 150dpi. Las t\u00e9cnicas de elaboraci\u00f3n son libres y el formato de soporte debe ser cuadrado (aunque la representaci\u00f3n no necesariamente ocupe la totalidad del soporte). Cada propuesta debe ser acompa\u00f1ada con un texto breve que argumente la obra, con un m\u00e1ximo de 150 palabras (el incumplimiento con alguna de las condiciones planteadas impedir\u00e1 la participaci\u00f3n en el concurso).<br \/>\n\u00bfD\u00f3nde? Las obras y el texto deben enviarse por medio del siguiente link:\u00a0<a href=\"https:\/\/forms.gle\/KbL7rhUY3Ma4EgMs8?fbclid=IwAR2V0vvOXBwI9v0z3Hf6K-pezHuAoahsuTZ28_ZriXvkPTrIX9fnL-aHgfY\" target=\"_blank\" rel=\"nofollow noopener noreferrer\" data-ft=\"{&quot;tn&quot;:&quot;-U&quot;}\" data-lynx-mode=\"async\" data-lynx-uri=\"https:\/\/l.facebook.com\/l.php?u=https%3A%2F%2Fforms.gle%2FKbL7rhUY3Ma4EgMs8%3Ffbclid%3DIwAR2V0vvOXBwI9v0z3Hf6K-pezHuAoahsuTZ28_ZriXvkPTrIX9fnL-aHgfY&amp;h=AT3j_dbYfRKUTJ-tVz8ZAYQtOsBUlZJMdVeEq79_BMFsOhDEmyTWPFBdvLw5WA6d6TTuGttEcqqSSww7MjfHjLATt1TLLMoylHoFTNRz13iDse7VneFUnHameV_Dros9-dKiv7MDMvAbXjJ-9wBte3AM2Ib0VCN6ZKF1P4B37kl5a396zYsfJKqn2XPCLDU3lJQkgvqrIp7MompWUxwe3YGHRC8zlAnaiTwOTvZ-gIQK8hdzWVPKKVGTqhVv_2s4sj9M2ch2ejUsK0h-O-5U9Vj3QDZEt0_nyTF8nMYFMNfLRppRbN4cqd6TdJmUqd1EpwAgKzPu7UWc7orn10J_vwdizzNrQ10ZETzHOl_EhWFvkKldeyDt2_ypr5GeGCj3IX7qAHoEdPlzxF-KGew4ukwdNUR7REF8h9-L5YRMc5thHK3WsN9nmCmfCiKRwv53l8lI_ScPrS6UoLnMBn9vtO_HTReBOu-v5E4OVafbbkoEAMq_c5BqISFTkiUZ-JBN4fvBaiLB9ddyjF3dJkrJ28kYq5m3LcA_SxzDRX2THHRZ-1HPBvQkS9bOYjwFeUqM5zNliB9voZE3a0ruRmVpMd8UxyOd19vTKeUA7_aNSfIjnAZ0q6UUym_5C_PeRnjkw8qP7g\">https:\/\/forms.gle\/KbL7rhUY3Ma4EgMs8<\/a><\/p>\n<p>Se debe incluir nombre completo de autor\/a, ciudad y pa\u00eds de residencia. En simultaneo, la imagen y el texto debe publicarse en su perfil de la red Instagram y\/o Facebook arrobando a @institutodelpaisajeucc y @laliniciativa e incluir el\u00a0<a class=\"_58cn\" href=\"https:\/\/www.facebook.com\/hashtag\/xmaspaisaje?source=feed_text&amp;epa=HASHTAG&amp;__xts__%5B0%5D=68.ARD-Nz3vceqLYyQUYbav93kfzwc6fj9Ombt5tGQqtQU6DsJ_HDL3EgV0is9bHCvBnufhSlipS9t7iRwu4H_Spgcm3ekQaDbG2GhQTRbtU1_sLTtXEOSLF3RuLcY6Uz4W0Y2leq3d3xeBEQb6mpjxH88F_CuZpvVjozphxb6OwmVHmgB7rG19YAvclInQ-4yJfrb09m2ZeMJYXPxYzeHFb4arQpKGlvpP2joIw65WqdYjfwzFyJccQpMl30x_Fzg31wWSjfM9w4nl4Y6YY3N5q2LbveNGEwkVx-OBxKRFy7_NG6ai0Z-PEK1jeWIsT5Z8AelH2pFtMBVZvgMRoxeL_XU6Ow&amp;__tn__=%2ANK-R\" data-ft=\"{&quot;type&quot;:104,&quot;tn&quot;:&quot;*N&quot;}\"><span class=\"_5afx\"><span class=\"_58cl _5afz\">#<\/span><span class=\"_58cm\">xmaspaisaje<\/span><\/span><\/a>\u00a0(el incumplimiento con alguna de las condiciones planteadas impedir\u00e1 la participaci\u00f3n en el concurso).<br \/>\n\u00bfCu\u00e1ndo? Se podr\u00e1 participar durante todo el mes de abril de 2020, hasta las 23:00hs del 30 de abril, hora Argentina).<\/p>\n<p><strong>Resultados<\/strong><br \/>\nUn grupo de profesionales especialistas actuar\u00e1 como jurado y seleccionar\u00e1 hasta 50 trabajos, hasta 10 finalistas y 3 ganadores\/as del total de las postulaciones que cumplan con las pautas establecidas. Cabe la posibilidad de que el jurado establezca menciones especiales por sobre los trabajos seleccionados. Los resultados se dar\u00e1n a conocer durante el mes de mayo de 2020 y la decisi\u00f3n del jurado ser\u00e1 inapelable. Cada participante seleccionado\/a y finalista recibir\u00e1 una constancia digital por su participaci\u00f3n y distinci\u00f3n en el marco de este concurso (no se otorgar\u00e1 ning\u00fan tipo de retribuci\u00f3n econ\u00f3mica o material). Los 50 trabajos seleccionados ser\u00e1n incluidos en la edici\u00f3n de un libro digital, editado por el Instituto del Paisaje junto a la Iniciativa Latinoamericana del Paisaje. La mera participaci\u00f3n en el concurso otorga autorizaci\u00f3n a las entidades organizadoras para la difusi\u00f3n, en diversos medios y soportes, de los trabajos postulados y la respectiva identidad de autores\/as.<\/p>\n<p>Coordinaci\u00f3n general: Martha Fajardo (directora ejecutiva LALI) \/ Lucas Per\u00edes (director IP-UCC)<br \/>\nPor consultas: ip.arq@ucc.edu.ar<\/p>\n","protected":false},"excerpt":{"rendered":"<p>BASES DEL CONCURSO El Instituto del Paisaje de la Universidad Cat\u00f3lica de C\u00f3rdoba (Argentina), junto a la Iniciativa Latinoamericana del Paisaje (LALI) \u2014en el marco del mes mundial de la arquitectura del paisaje (declaratoria IFLA 2006)\u2014 convocan a profesionales o aficionados\/as a las artes visuales, a la ilustraci\u00f3n o al dise\u00f1o en todos sus campos, para participar del concurso art\u00edstico EL PAISAJE A TRAV\u00c9S DE MI VENTANA. En esta circunstancia de pandemia que atraviesa el mundo, se propone reflexionar sobre \u201cel paisaje en los tiempos del coronavirus\u201d (COVID-19), por medio de im\u00e1genes que permitan manifestar la situaci\u00f3n que transitamos. El objetivo es propiciar un espacio para expresar y compartir nuestros paisajes desde la condici\u00f3n de aislamiento (f\u00edsico, mental, emocional), en el marco de esta crisis sanitaria global, en conexi\u00f3n con el entorno en que cada persona habita, desde una perspectiva paisaj\u00edstica y con prospectiva medioambiental. \u00bfQui\u00e9nes? Podr\u00e1n participar personas con [&hellip;]<\/p>\n","protected":false},"author":1,"featured_media":7310,"comment_status":"open","ping_status":"open","sticky":false,"template":"","format":"image","meta":{"_jetpack_memberships_contains_paid_content":false,"footnotes":""},"categories":[194],"tags":[],"class_list":["post-7309","post","type-post","status-publish","format-image","has-post-thumbnail","hentry","category-imagenfest","post_format-post-format-image"],"jetpack_featured_media_url":"https:\/\/festivaldelaimagen.com\/historico\/wp-content\/uploads\/2020\/04\/91865777_1899116273552286_2582238014570758144_o.png","jetpack_sharing_enabled":true,"_links":{"self":[{"href":"https:\/\/festivaldelaimagen.com\/historico\/es\/wp-json\/wp\/v2\/posts\/7309","targetHints":{"allow":["GET"]}}],"collection":[{"href":"https:\/\/festivaldelaimagen.com\/historico\/es\/wp-json\/wp\/v2\/posts"}],"about":[{"href":"https:\/\/festivaldelaimagen.com\/historico\/es\/wp-json\/wp\/v2\/types\/post"}],"author":[{"embeddable":true,"href":"https:\/\/festivaldelaimagen.com\/historico\/es\/wp-json\/wp\/v2\/users\/1"}],"replies":[{"embeddable":true,"href":"https:\/\/festivaldelaimagen.com\/historico\/es\/wp-json\/wp\/v2\/comments?post=7309"}],"version-history":[{"count":0,"href":"https:\/\/festivaldelaimagen.com\/historico\/es\/wp-json\/wp\/v2\/posts\/7309\/revisions"}],"wp:featuredmedia":[{"embeddable":true,"href":"https:\/\/festivaldelaimagen.com\/historico\/es\/wp-json\/wp\/v2\/media\/7310"}],"wp:attachment":[{"href":"https:\/\/festivaldelaimagen.com\/historico\/es\/wp-json\/wp\/v2\/media?parent=7309"}],"wp:term":[{"taxonomy":"category","embeddable":true,"href":"https:\/\/festivaldelaimagen.com\/historico\/es\/wp-json\/wp\/v2\/categories?post=7309"},{"taxonomy":"post_tag","embeddable":true,"href":"https:\/\/festivaldelaimagen.com\/historico\/es\/wp-json\/wp\/v2\/tags?post=7309"}],"curies":[{"name":"wp","href":"https:\/\/api.w.org\/{rel}","templated":true}]}}