{"id":5760,"date":"2018-03-12T19:18:41","date_gmt":"2018-03-12T19:18:41","guid":{"rendered":"http:\/\/festivaldelaimagen.com\/?p=5760"},"modified":"2018-03-12T23:02:40","modified_gmt":"2018-03-12T23:02:40","slug":"darien","status":"publish","type":"post","link":"https:\/\/festivaldelaimagen.com\/historico\/es\/darien\/","title":{"rendered":"Una exploraci\u00f3n audiovisual, ecol\u00f3gica y contemplativa de la selva del Dari\u00e9n en el Museo de Arte de Pereira"},"content":{"rendered":"<p>A partir de este 16 de marzo estar\u00e1 abierta al p\u00fablico pereirano Dari\u00e9n, una exploraci\u00f3n audiovisual, ecol\u00f3gica y contemplativa de la selva del Dari\u00e9n, desarrollada con el \u00e1nimo de reflejar y extender la relaci\u00f3n entre lo humano y lo no-humano, buscando sensibilizar sobre el entorno y asumir la importancia de hacer memoria y reconocimiento del territorio ante su constante transformaci\u00f3n.<\/p>\n<p>Se trata de una\u00a0producci\u00f3n conjunta entre el Museo de Arte de Pereira y el Festival Internacional de la Imagen de la instalaci\u00f3n interactiva Dari\u00e9n: Simbiosis de \u00c9TER Lab, como parte de una curadur\u00eda en torno al Antropoceno.<\/p>\n<p><strong>\u2018Dari\u00e9n: Insectus\u2019<\/strong><\/p>\n<p dir=\"ltr\">La obra a presentar en el Museo de Pereira propone una exploraci\u00f3n po\u00e9tica del territorio y las escalas ecol\u00f3gicas presentes en la selva del Dari\u00e9n, destacando especialmente el contraste entre la vida micro y macro. El insecto es aqu\u00ed entendido como una forma de vida b\u00e1sica, universo miniatura, micro-objeto, \u00e1tomo casi invisible entre la selva, grano entre la cacofon\u00eda, entre objetos m\u00e1s vastos como el mar y el cielo. Al contrastar ambas escalas, se evidencia una situaci\u00f3n en la que colapsan las formas m\u00e1s abstractas y vivas, amplias y diminutas; un m\u00ednimo de informaci\u00f3n con la gran apertura de eventos macro-c\u00f3smicos.<\/p>\n<p dir=\"ltr\">Es necesario establecer entonces en la selva una mediaci\u00f3n que teja lo micros\u00f3nico y lo macros\u00f3nico, el panorama con el pixel; el insecto, como forma de vida m\u00ednima en la escucha, y el mar, como forma absoluta de un territorio, como mundo donde la ficci\u00f3n no es otra que percibir cada forma en su pureza, en su transformaci\u00f3n o en su mera imagen. De esta forma se presenta a escala micro, en t\u00e9rminos sonoros, una exploraci\u00f3n en la materia interna de la selva, contrastado a lo m\u00e1s macro del entorno: el mar, representado en silencio y meramente visual. Se propone as\u00ed una lectura audiovisual de la ecolog\u00eda oscura presente la selva del Dari\u00e9n, sugiriendo, mediante la desterritorializaci\u00f3n y el juego est\u00e9tico, un mundo abierto al espectador, libre del hombre como interventor del espacio y apto para la especulaci\u00f3n de nuevas rutas tras el antropoc\u00e9no.<\/p>\n<p>Aunque en la obra la mayor\u00eda del tiempo predomina el sonido, lo visual se incorpora a trav\u00e9s de juegos intermitentes, simulando representaciones fren\u00e9ticas, pero tambi\u00e9n integrando l\u00edneas de tiempo contemplativas. Lo visual se circunscribe a paisajes de mar, tierra y cielo. Lo sonoro trata con los insectos de la selva, alterados virtualmente para generar ritmo musical, construyendo as\u00ed estructuras temporales sincronizadas para tejer una narrativa audiovisual desde la idea de c\u00f3mo aparece y desaparece el entorno y c\u00f3mo la naturaleza est\u00e1 y no est\u00e1. Trata por tanto de abordar la relaci\u00f3n del hombre con el territorio desde la vivencia de una selva et\u00e9rea, indeterminable, oscura, cruda, no presente para el tacto.<\/p>\n<p><strong>Sobre \u00c9TER Lab<\/strong><br \/>\n\u00c9ter es un laboratorio de arte y filosof\u00eda dedicado a la exploraci\u00f3n tecnol\u00f3gica del sonido, la palabra y la imagen. Adem\u00e1s de realizar constantemente acciones como instalaciones, conciertos y talleres, mantenemos varios proyectos permanentes, como la revista ( oasis ), el proyecto audiovisual Dari\u00e9n, los eventos de La Semana de la Escucha y la serie de publicaciones Ediciones \u00c9TER.<\/p>\n","protected":false},"excerpt":{"rendered":"<p>A partir de este 16 de marzo estar\u00e1 abierta al p\u00fablico pereirano Dari\u00e9n, una exploraci\u00f3n audiovisual, ecol\u00f3gica y contemplativa de la selva del Dari\u00e9n, desarrollada con el \u00e1nimo de reflejar y extender la relaci\u00f3n entre lo humano y lo no-humano, buscando sensibilizar sobre el entorno y asumir la importancia de hacer memoria y reconocimiento del territorio ante su constante transformaci\u00f3n. Se trata de una\u00a0producci\u00f3n conjunta entre el Museo de Arte de Pereira y el Festival Internacional de la Imagen de la instalaci\u00f3n interactiva Dari\u00e9n: Simbiosis de \u00c9TER Lab, como parte de una curadur\u00eda en torno al Antropoceno. \u2018Dari\u00e9n: Insectus\u2019 La obra a presentar en el Museo de Pereira propone una exploraci\u00f3n po\u00e9tica del territorio y las escalas ecol\u00f3gicas presentes en la selva del Dari\u00e9n, destacando especialmente el contraste entre la vida micro y macro. El insecto es aqu\u00ed entendido como una forma de vida b\u00e1sica, universo miniatura, micro-objeto, \u00e1tomo casi [&hellip;]<\/p>\n","protected":false},"author":1,"featured_media":5761,"comment_status":"open","ping_status":"open","sticky":false,"template":"","format":"standard","meta":{"_jetpack_memberships_contains_paid_content":false,"footnotes":""},"categories":[194],"tags":[196,199,38,198,197],"class_list":["post-5760","post","type-post","status-publish","format-standard","has-post-thumbnail","hentry","category-imagenfest","tag-darien","tag-eterlab","tag-festival-de-la-imagen","tag-imagenfest2018","tag-museo-de-pereira"],"jetpack_featured_media_url":"https:\/\/festivaldelaimagen.com\/historico\/wp-content\/uploads\/2018\/03\/simbiosis-scaled.jpg","jetpack_sharing_enabled":true,"_links":{"self":[{"href":"https:\/\/festivaldelaimagen.com\/historico\/es\/wp-json\/wp\/v2\/posts\/5760","targetHints":{"allow":["GET"]}}],"collection":[{"href":"https:\/\/festivaldelaimagen.com\/historico\/es\/wp-json\/wp\/v2\/posts"}],"about":[{"href":"https:\/\/festivaldelaimagen.com\/historico\/es\/wp-json\/wp\/v2\/types\/post"}],"author":[{"embeddable":true,"href":"https:\/\/festivaldelaimagen.com\/historico\/es\/wp-json\/wp\/v2\/users\/1"}],"replies":[{"embeddable":true,"href":"https:\/\/festivaldelaimagen.com\/historico\/es\/wp-json\/wp\/v2\/comments?post=5760"}],"version-history":[{"count":0,"href":"https:\/\/festivaldelaimagen.com\/historico\/es\/wp-json\/wp\/v2\/posts\/5760\/revisions"}],"wp:featuredmedia":[{"embeddable":true,"href":"https:\/\/festivaldelaimagen.com\/historico\/es\/wp-json\/wp\/v2\/media\/5761"}],"wp:attachment":[{"href":"https:\/\/festivaldelaimagen.com\/historico\/es\/wp-json\/wp\/v2\/media?parent=5760"}],"wp:term":[{"taxonomy":"category","embeddable":true,"href":"https:\/\/festivaldelaimagen.com\/historico\/es\/wp-json\/wp\/v2\/categories?post=5760"},{"taxonomy":"post_tag","embeddable":true,"href":"https:\/\/festivaldelaimagen.com\/historico\/es\/wp-json\/wp\/v2\/tags?post=5760"}],"curies":[{"name":"wp","href":"https:\/\/api.w.org\/{rel}","templated":true}]}}